{"id":302,"date":"2011-06-16T19:06:44","date_gmt":"2011-06-16T18:06:44","guid":{"rendered":"http:\/\/coherences.com\/BLOG-HM\/?p=302"},"modified":"2020-11-13T18:23:36","modified_gmt":"2020-11-13T18:23:36","slug":"sortie-du-livre-le-sens-du-bien-commun","status":"publish","type":"post","link":"http:\/\/biencommun.coherences.com\/BLOG-HM\/2011\/06\/16\/sortie-du-livre-le-sens-du-bien-commun\/","title":{"rendered":"Sortie du livre Le Sens du bien commun"},"content":{"rendered":"<p><a href=\"http:\/\/coherences.com\/BLOG-HM\/?attachment_id=305\"><img loading=\"lazy\" decoding=\"async\" src=\"http:\/\/biencommun.coherences.com\/BLOG-HM\/files\/2011\/06\/sdbc-660x1024.jpg\" alt=\"la premiere de couverture\" width=\"576\" height=\"893\" class=\"aligncenter size-large wp-image-305\" srcset=\"http:\/\/biencommun.coherences.com\/BLOG-HM\/files\/2011\/06\/sdbc-660x1024.jpg 660w, http:\/\/biencommun.coherences.com\/BLOG-HM\/files\/2011\/06\/sdbc-193x300.jpg 193w, http:\/\/biencommun.coherences.com\/BLOG-HM\/files\/2011\/06\/sdbc.jpg 796w\" sizes=\"auto, (max-width: 576px) 100vw, 576px\" \/><\/a>Ca y est le livre est sorti. Il est publi\u00e9 aux \u00e9ditions Temps Pr\u00e9sent, collection semeurs d&rsquo;avenir. Rejoignez <a href=\"https:\/\/www.facebook.com\/home.php?sk=group_130419340367839\">le groupe sur facebook<\/a><\/p>\n<p>Le sous titre : \u00ab\u00a0pour une compr\u00e9hension renouvel\u00e9e des communaut\u00e9s humaines\u00a0\u00bb. C&rsquo;est un essai d&rsquo;Humanisme M\u00e9thodologique. Il montre que le bien commun suppose une communaut\u00e9 identifi\u00e9e et que le Sens du bien commun est celui du d\u00e9veloppement et de l&rsquo;accomplissement humain. Cela suppose que l&rsquo;on en sache quelque chose de ce qu&rsquo;est le d\u00e9veloppement et l&rsquo;accomplissement humain. Ces questions fondamentales on un volet pratique. En effet toutes les affaires humaines sont des affaires communautaires et sont a engager dans le Sens du bien commun de la communaut\u00e9 concern\u00e9e. M\u00eame les enjeux personnels n&rsquo;existent nulle part ailleurs que dans les communaut\u00e9s auxquelles on participe. L&rsquo;\u00e9conomie, le politique, l&rsquo;\u00e9ducation, la justice par exemple sont des affaires communautaires. L&rsquo;ignorer c&rsquo;est imposer un point de vue particulier comme int\u00e9r\u00eat g\u00e9n\u00e9ral. C&rsquo;est le cas de la plupart des id\u00e9ologies et des conceptions dominantes.<br \/>\nAlors comment s&rsquo;y prendre? Il faut lire le livre&#8230;<\/p>\n","protected":false},"excerpt":{"rendered":"<p>Ca y est le livre est sorti. Il est publi\u00e9 aux \u00e9ditions Temps Pr\u00e9sent, collection semeurs d&rsquo;avenir. Rejoignez le groupe sur facebook Le sous titre : \u00ab\u00a0pour une compr\u00e9hension renouvel\u00e9e des communaut\u00e9s humaines\u00a0\u00bb. C&rsquo;est un essai d&rsquo;Humanisme M\u00e9thodologique. Il montre que le bien commun suppose une communaut\u00e9 identifi\u00e9e et que le Sens du bien commun [&hellip;]<\/p>\n","protected":false},"author":54,"featured_media":305,"comment_status":"open","ping_status":"open","sticky":false,"template":"","format":"standard","meta":{"footnotes":""},"categories":[103,1],"tags":[12,18,22,85,27,31,32,34,36,38,39,48,53,62,63,65,69],"class_list":["post-302","post","type-post","status-publish","format-standard","hentry","category-les-textes-du-sens-du-bien-commun","category-non-classe","tag-affaires-humaines","tag-bien-commun","tag-communautes","tag-democratie","tag-economie-communautaire","tag-empowerment","tag-entreprises-2","tag-evaluation","tag-gouvernance","tag-humanisme-methodologique","tag-individualisme","tag-mutation-de-civilisation","tag-participation","tag-sens-du-bien-commun","tag-socioperformance","tag-systemique","tag-valeurs"],"jetpack_featured_media_url":"http:\/\/biencommun.coherences.com\/BLOG-HM\/files\/2011\/06\/sdbc.jpg","_links":{"self":[{"href":"http:\/\/biencommun.coherences.com\/BLOG-HM\/wp-json\/wp\/v2\/posts\/302","targetHints":{"allow":["GET"]}}],"collection":[{"href":"http:\/\/biencommun.coherences.com\/BLOG-HM\/wp-json\/wp\/v2\/posts"}],"about":[{"href":"http:\/\/biencommun.coherences.com\/BLOG-HM\/wp-json\/wp\/v2\/types\/post"}],"author":[{"embeddable":true,"href":"http:\/\/biencommun.coherences.com\/BLOG-HM\/wp-json\/wp\/v2\/users\/54"}],"replies":[{"embeddable":true,"href":"http:\/\/biencommun.coherences.com\/BLOG-HM\/wp-json\/wp\/v2\/comments?post=302"}],"version-history":[{"count":1,"href":"http:\/\/biencommun.coherences.com\/BLOG-HM\/wp-json\/wp\/v2\/posts\/302\/revisions"}],"predecessor-version":[{"id":559,"href":"http:\/\/biencommun.coherences.com\/BLOG-HM\/wp-json\/wp\/v2\/posts\/302\/revisions\/559"}],"wp:featuredmedia":[{"embeddable":true,"href":"http:\/\/biencommun.coherences.com\/BLOG-HM\/wp-json\/wp\/v2\/media\/305"}],"wp:attachment":[{"href":"http:\/\/biencommun.coherences.com\/BLOG-HM\/wp-json\/wp\/v2\/media?parent=302"}],"wp:term":[{"taxonomy":"category","embeddable":true,"href":"http:\/\/biencommun.coherences.com\/BLOG-HM\/wp-json\/wp\/v2\/categories?post=302"},{"taxonomy":"post_tag","embeddable":true,"href":"http:\/\/biencommun.coherences.com\/BLOG-HM\/wp-json\/wp\/v2\/tags?post=302"}],"curies":[{"name":"wp","href":"https:\/\/api.w.org\/{rel}","templated":true}]}}