{"id":282,"date":"2011-05-24T20:07:56","date_gmt":"2011-05-24T19:07:56","guid":{"rendered":"http:\/\/coherences.com\/BLOG-HM\/?p=282"},"modified":"2020-11-13T18:23:37","modified_gmt":"2020-11-13T18:23:37","slug":"la-crise-qui-vient-la-crise-du-politique","status":"publish","type":"post","link":"http:\/\/biencommun.coherences.com\/BLOG-HM\/2011\/05\/24\/la-crise-qui-vient-la-crise-du-politique\/","title":{"rendered":"La crise qui vient, la crise du politique."},"content":{"rendered":"<p><strong>Les signes du temps<\/strong><\/p>\n<p>Devant les soubresauts du syst\u00e8me \u00e9conomique et financier les politiques tentent de montrer qu&rsquo;ils peuvent encore, au nom du politique, instaurer quelque r\u00e9gulation salutaire. Mais les jeunes espagnols ne les croient plus. Ils sont indign\u00e9s comme on nous invite \u00e0 exprimer \u00e9motionnellement nos d\u00e9saccords, pris comme des atteintes \u00e0 la dignit\u00e9. Le promoteur prend l&rsquo;exemple du sort fait aux palestiniens par Israel et cite comme r\u00e9f\u00e9rence id\u00e9ale le Conseil National de la R\u00e9sistance, au moment o\u00f9 les dispositifs \u00e9tablis alors atteignent leur obsolescence. Les fameuses g\u00e9n\u00e9rations futures en ont marre de la solidarit\u00e9 interg\u00e9n\u00e9rationnelle \u00e0 leur d\u00e9triment.<\/p>\n<p>Il est tentant surtout en France de faire appel aux mannes r\u00e9volutionnaires, pour d\u00e9signer le mal et mobiliser l&rsquo;agressivit\u00e9 populaire. Seulement une des lumi\u00e8res salvatrice vient de s&rsquo;\u00e9teindre avec fracas. Il s&rsquo;agissait de mobiliser cette vindicte pour prendre le pouvoir permettant de ma\u00eetriser, au niveau qu&rsquo;il fallait et avec l&rsquo;intelligence requise, les \u00e9quilibres et rapports de force de cette grande m\u00e9canique syst\u00e9mique de l&rsquo;\u00e9conomie mondiale. L&rsquo;intelligence \u00e0 chut\u00e9, il ne reste que la vindicte. Ah si les indign\u00e9s espagnols franchissaient la fronti\u00e8re pour emporter le pr\u00e9sident tyran ! Voyez d&rsquo;ailleurs comment des populations ont r\u00e9ussi \u00e0 faire chuter leurs tyrans dans ces pays arabes dirig\u00e9s par des clans qui captaient la richesse \u00e0 leur profit ! Tunisie, Egypte, bient\u00f4t la Libye (zut! notre tyran y serait pour quelque chose?) et d&rsquo;autres encore. Les jeunes avec tweeter et facebook, ces accessoires si d\u00e9cri\u00e9s d&rsquo;internet, ont r\u00e9ussi, sans r\u00e9f\u00e9rence aux p\u00e8res r\u00e9volutionnaires et aux slogans congel\u00e9s. Les uns et les autres mettent en question leurs dirigeants \u00ab\u00a0socialistes\u00a0\u00bb mais on voit bien que cela importe peu. C&rsquo;est la d\u00e9mocratie en vigueur qui n&rsquo;est plus cr\u00e9dible, plus r\u00e9elle disent-ils en Espagne. Pourquoi? Parce que les explications fournies pour justifier les difficult\u00e9s et les plans de redressement rel\u00e8vent de syst\u00e8mes de repr\u00e9sentations obsol\u00e8tes qui ne prennent pas en compte les gens r\u00e9els et leur vie r\u00e9elle. Qu&rsquo;ils soient d&rsquo;un camp ou celui d&rsquo;en face c&rsquo;est pareil, leurs repr\u00e9sentations du politique sont obsol\u00e8tes. Les efforts d&rsquo;efficacit\u00e9 des uns, les efforts de d\u00e9nonciation des autres n&rsquo;y r\u00e9pondent plus. Les diversions du salut plan\u00e9taire ou celles du salut dans l&rsquo;entre soi d\u00e9fensif non plus. Ils t\u00e9moignent de sentiments individualistes banalis\u00e9s depuis la nuit de la g\u00e9n\u00e9ralisation des privil\u00e8ges (dans les esprits). Pourtant c&rsquo;est bien une rupture que voulait notre pr\u00e9sident (le tyran pour ses adversaires) mais cette rupture voulait surtout r\u00e9parer des maux structurels de notre pays, maux cach\u00e9s, non dits, indicibles, la main mise d&rsquo;un syst\u00e8me philosophico-technocratique sur la nation et sur le politique. Ses tenants ont, bien sur, trouv\u00e9 chez les d\u00e9nonciateurs du tyran l&rsquo;alliance opportune pour les d\u00e9fendre de celui qui les tyrannise.<\/p>\n<p>Et pendant ce temps l\u00e0, des milliards d&rsquo;hommes vou\u00e9s par les intelligences occidentales au sous d\u00e9veloppement, se sont permis de r\u00e9ussir, de mobiliser leurs intelligences, leurs motivations, leurs jeunesses pour cette grande aventure  qui les voit non seulement esp\u00e9rer dans l&rsquo;avenir mais le construire \u00e0 grands pas de croissance. L\u00e0 bas dans les vieilles consciences acari\u00e2tres en qu\u00eate de d\u00e9croissance, on les dits exploiteurs vu les salaires vers\u00e9s, pollueurs vu leurs d\u00e9sirs de bouger et de r\u00e9aliser, \u00e9puiseurs de la nature que nous avions si bien su conserver pour les g\u00e9n\u00e9rations futures. Pire ils sont pr\u00e9sents sur internet par centaines de millions qui partagent aussi, tout en restant dans leur culture, l&rsquo;aventure humaine avec tous les autres.<\/p>\n<p>Mais alors si les politiques ne savent plus o\u00f9 est le r\u00e9el des hommes, si leurs mod\u00e8les us\u00e9s et sacralis\u00e9s sont si impuissants alors on peut s&rsquo;attendre \u00e0 une crise plus grande que celle des \u00ab\u00a0subprimes\u00a0\u00bb, la crise du politique. Ce n&rsquo;est pas une crise seulement fran\u00e7aise mais une de celles o\u00f9 la France a le plus de handicap, ayant remplac\u00e9 la pens\u00e9e cr\u00e9atrice par des raisons toujours indiscutables. Alors la r\u00e9ponse serait la d\u00e9mocratie mais, si on \u00e9coute les jeunesses en effervescence, une d\u00e9mocratie r\u00e9elle. Les anarchistes sugg\u00e8reraient de supprimer les politiques, d&rsquo;autres de supprimer les riches affameurs. Il y en a qui revendiquent des emplois, mais \u00e0 quels distributeurs d&#8217;emplois? des droits, \u00e0 quels distributeurs de droits? Faudra-t-il r\u00e9tablir les politiques et les riches pour qu&rsquo;ils donnent des r\u00e9ponses? A moins que, comme d&rsquo;habitude, des avant-gardes \u00e9clair\u00e9es ne prennent la place vu leurs lumi\u00e8res et leurs vertus. Justement qu&rsquo;en est-il des vertus morales dans les affaires d&rsquo;intelligence syst\u00e9mique plan\u00e9taire. Qu&rsquo;en est-il de la dignit\u00e9 humaine dans les \u00e9quations math\u00e9matiques et biologiques de la nature? N&rsquo;y aurait-il pas l\u00e0 de quoi s&rsquo;indigner? <em>Mais s&rsquo;indigner ce n&rsquo;est pas revendiquer sa dignit\u00e9 mais l&rsquo;assumer, ensemble<\/em>. Voil\u00e0 donc les nouvelles racines du politique; non pas distribuer de la dignit\u00e9 avec de la soupe populaire ou l&rsquo;abondance de biens mat\u00e9riels ou intellectuels mais organiser les modes communs de devenir ensemble selon l&rsquo;expression et la culture de la dignit\u00e9 humaine. La crise du politique doit nous mener \u00e0 la refondation du politique, une fois d\u00e9construites les certitudes enkyst\u00e9es de nos combattants cacochymes.<\/p>\n","protected":false},"excerpt":{"rendered":"<p>LES SIGNES DU TEMPS. &#8211;<br \/>\nL&rsquo;actualit\u00e9, factuelle, est \u00e0 lire comme de ces signes r\u00e9v\u00e9lateurs d&rsquo;une mutation inattendue, incomprise. La crise est ce sentiment d&rsquo;impasse qui d\u00e9bouche sur une remise en question suffisamment radicale pour que de nouveaux horizons se dessinent, soient possibles, deviennent d\u00e9sirables et r\u00e9alisables. La crise du politique est de celles-l\u00e0.<\/p>\n","protected":false},"author":54,"featured_media":0,"comment_status":"open","ping_status":"open","sticky":false,"template":"","format":"standard","meta":{"footnotes":""},"categories":[9,103],"tags":[24,85,31,36,39,48,54,61,65],"class_list":["post-282","post","type-post","status-publish","format-standard","hentry","category-democratie","category-les-textes-du-sens-du-bien-commun","tag-communautes-de-devenir","tag-democratie","tag-empowerment","tag-gouvernance","tag-individualisme","tag-mutation-de-civilisation","tag-politique","tag-revolution","tag-systemique"],"jetpack_featured_media_url":"","_links":{"self":[{"href":"http:\/\/biencommun.coherences.com\/BLOG-HM\/wp-json\/wp\/v2\/posts\/282","targetHints":{"allow":["GET"]}}],"collection":[{"href":"http:\/\/biencommun.coherences.com\/BLOG-HM\/wp-json\/wp\/v2\/posts"}],"about":[{"href":"http:\/\/biencommun.coherences.com\/BLOG-HM\/wp-json\/wp\/v2\/types\/post"}],"author":[{"embeddable":true,"href":"http:\/\/biencommun.coherences.com\/BLOG-HM\/wp-json\/wp\/v2\/users\/54"}],"replies":[{"embeddable":true,"href":"http:\/\/biencommun.coherences.com\/BLOG-HM\/wp-json\/wp\/v2\/comments?post=282"}],"version-history":[{"count":1,"href":"http:\/\/biencommun.coherences.com\/BLOG-HM\/wp-json\/wp\/v2\/posts\/282\/revisions"}],"predecessor-version":[{"id":562,"href":"http:\/\/biencommun.coherences.com\/BLOG-HM\/wp-json\/wp\/v2\/posts\/282\/revisions\/562"}],"wp:attachment":[{"href":"http:\/\/biencommun.coherences.com\/BLOG-HM\/wp-json\/wp\/v2\/media?parent=282"}],"wp:term":[{"taxonomy":"category","embeddable":true,"href":"http:\/\/biencommun.coherences.com\/BLOG-HM\/wp-json\/wp\/v2\/categories?post=282"},{"taxonomy":"post_tag","embeddable":true,"href":"http:\/\/biencommun.coherences.com\/BLOG-HM\/wp-json\/wp\/v2\/tags?post=282"}],"curies":[{"name":"wp","href":"https:\/\/api.w.org\/{rel}","templated":true}]}}